{"id":3932,"date":"2023-09-30T10:26:59","date_gmt":"2023-09-30T10:26:59","guid":{"rendered":"https:\/\/demografia.com.pl\/demografia\/?p=3932"},"modified":"2023-10-07T13:15:09","modified_gmt":"2023-10-07T13:15:09","slug":"populacja-porownawcza-polski-pakistanu-i-meksyku","status":"publish","type":"post","link":"https:\/\/demografia.com.pl\/demografia\/populacja-porownawcza-polski-pakistanu-i-meksyku\/","title":{"rendered":"Populacja por\u00f3wnawcza Polski, Pakistanu i Meksyku"},"content":{"rendered":"\n<p>Populacj\u0119 Polski zniszczy\u0142a aborcja (33,5 mln), antykoncepcja (115 mln), deprawacja dzieci i m\u0142odzie\u017cy a tak\u017ce rozwody i zwi\u0105zki cywilne. <\/p>\n\n\n\n<p>Gdyby\u015bmy zachowali dynamizm demograficzny byliby\u015bmy obecnie pot\u0119g\u0105 populacyjn\u0105 na \u015bwiecie. Obecnie jeste\u015bmy narodem gin\u0105cym w wymiarze demograficznym. <\/p>\n\n\n\n<p>Za ten stan rzeczy odpowiadaj\u0105 socjali\u015bci r\u00f3\u017cnych barw (rewolucyjni, nazistowscy, komunistyczni, liberalni i t\u0119czowi), skrajne feministki i masoni r\u00f3\u017cnych l\u00f3\u017c. <\/p>\n\n\n\n<p class=\"has-vivid-red-color has-text-color\">Zob. K. Bielawny, Ocali\u0107 niepodleg\u0142o\u015b\u0107, Warszawa 2023 r.<\/p>\n\n\n\n<figure class=\"wp-block-image size-full is-style-default\"><img loading=\"lazy\" decoding=\"async\" width=\"790\" height=\"749\" src=\"https:\/\/demografia.com.pl\/demografia\/wp-content\/uploads\/2023\/10\/Piprek-1.png\" alt=\"\" class=\"wp-image-3962\" srcset=\"https:\/\/demografia.com.pl\/demografia\/wp-content\/uploads\/2023\/10\/Piprek-1.png 790w, https:\/\/demografia.com.pl\/demografia\/wp-content\/uploads\/2023\/10\/Piprek-1-300x284.png 300w, https:\/\/demografia.com.pl\/demografia\/wp-content\/uploads\/2023\/10\/Piprek-1-768x728.png 768w\" sizes=\"auto, (max-width: 767px) 89vw, (max-width: 1000px) 54vw, (max-width: 1071px) 543px, 580px\" \/><figcaption class=\"wp-element-caption\">Ewa Piprek &#8211; okultyzm, szatanizm, op\u0119tanie., pochwa\u0142a dla morderstw dzieci nienarodzonych.<\/figcaption><\/figure>\n<p>Views: 8<\/p>","protected":false},"excerpt":{"rendered":"<p>Populacj\u0119 Polski zniszczy\u0142a aborcja (33,5 mln), antykoncepcja (115 mln), deprawacja dzieci i m\u0142odzie\u017cy a tak\u017ce rozwody i zwi\u0105zki cywilne. <\/p>\n<p>Gdyby\u015bmy zachowali dynamizm demograficzny byliby\u015bmy obecnie pot\u0119g\u0105 populacyjn\u0105 na \u015bwiecie. Obecnie jeste\u015bmy narodem gin\u0105cym w wymiarze demograficznym. <\/p>\n<p>Za ten stan rzeczy odpowiadaj\u0105 socjali\u015bci r\u00f3\u017cnych barw (rewolucyjni, nazistowscy, komunistyczni, liberalni i t\u0119czowi), skrajne feministki i masoni r\u00f3\u017cnych l\u00f3\u017c.<\/p>\n","protected":false},"author":1,"featured_media":3933,"comment_status":"closed","ping_status":"closed","sticky":true,"template":"","format":"standard","meta":{"footnotes":""},"categories":[10],"tags":[4,3,30,33,14,7,17],"class_list":["post-3932","post","type-post","status-publish","format-standard","has-post-thumbnail","hentry","category-rewolucja-seksualna","tag-aborcja","tag-antykoncepcja","tag-dekatolicyzacja","tag-demonizacja","tag-depopulacja","tag-deprawacja","tag-rozwody"],"_links":{"self":[{"href":"https:\/\/demografia.com.pl\/demografia\/wp-json\/wp\/v2\/posts\/3932","targetHints":{"allow":["GET"]}}],"collection":[{"href":"https:\/\/demografia.com.pl\/demografia\/wp-json\/wp\/v2\/posts"}],"about":[{"href":"https:\/\/demografia.com.pl\/demografia\/wp-json\/wp\/v2\/types\/post"}],"author":[{"embeddable":true,"href":"https:\/\/demografia.com.pl\/demografia\/wp-json\/wp\/v2\/users\/1"}],"replies":[{"embeddable":true,"href":"https:\/\/demografia.com.pl\/demografia\/wp-json\/wp\/v2\/comments?post=3932"}],"version-history":[{"count":8,"href":"https:\/\/demografia.com.pl\/demografia\/wp-json\/wp\/v2\/posts\/3932\/revisions"}],"predecessor-version":[{"id":3964,"href":"https:\/\/demografia.com.pl\/demografia\/wp-json\/wp\/v2\/posts\/3932\/revisions\/3964"}],"wp:featuredmedia":[{"embeddable":true,"href":"https:\/\/demografia.com.pl\/demografia\/wp-json\/wp\/v2\/media\/3933"}],"wp:attachment":[{"href":"https:\/\/demografia.com.pl\/demografia\/wp-json\/wp\/v2\/media?parent=3932"}],"wp:term":[{"taxonomy":"category","embeddable":true,"href":"https:\/\/demografia.com.pl\/demografia\/wp-json\/wp\/v2\/categories?post=3932"},{"taxonomy":"post_tag","embeddable":true,"href":"https:\/\/demografia.com.pl\/demografia\/wp-json\/wp\/v2\/tags?post=3932"}],"curies":[{"name":"wp","href":"https:\/\/api.w.org\/{rel}","templated":true}]}}