{"id":4390,"date":"2023-11-14T19:55:16","date_gmt":"2023-11-14T19:55:16","guid":{"rendered":"https:\/\/demografia.com.pl\/demografia\/?p=4390"},"modified":"2023-11-16T11:11:48","modified_gmt":"2023-11-16T11:11:48","slug":"klimatyczne-klamstwa-cywilizacji-smierci","status":"publish","type":"post","link":"https:\/\/demografia.com.pl\/demografia\/klimatyczne-klamstwa-cywilizacji-smierci\/","title":{"rendered":"Klimatyczne k\u0142amstwa cywilizacji \u015bmierci"},"content":{"rendered":"\n<p>Ob\u0142\u0105kani ideolodzy cywilizacji \u015bmierci wsz\u0119dzie  dopatruj\u0105 si\u0119 zmian klimatycznych.  Tak te\u017c pisz\u0105  o upadku staro\u017cytnych cywilizacji przez zmiany klimatyczne. Staraj\u0105 si\u0119 narzuci\u0107 swoj\u0105 ideologi\u0119 wsp\u00f3lczesnemu \u015bwiatu.  Narracja wszechogarniaj\u0105ca wsp\u00f3\u0142czesnego cz\u0142owieka, ma go prowadzi\u0107 do \u017cycia w k\u0142amstwie.  By przypadkiem nie pr\u00f3bowa\u0142 szuka\u0107 prawdy. <\/p>\n\n\n\n<p>Tak dla przypomnienia staro\u017cytny Rzym jak i Grecja upad\u0142y przez:<\/p>\n\n\n\n<ul class=\"wp-block-list\">\n<li>negacj\u0119 staro\u017cytnych religii <\/li>\n\n\n\n<li>rozpad rodziny poprzez rozwody<\/li>\n\n\n\n<li>deprawacje dzieci i m\u0142odzie\u017cy<\/li>\n\n\n\n<li>depopulacj\u0119<\/li>\n\n\n\n<li>aborcj\u0119 <\/li>\n<\/ul>\n\n\n\n<p>&#8222;Deprawacja staro\u017cytnych narod\u00f3w doprowadzi\u0142a do zapa\u015bci demograficznej. \u017badne warunki zewn\u0119trzne, \u017cadna wojna ani kataklizm, \u017cadni barbarzy\u0144cy nie zgubili m\u0105drej Hellady i \u015bwiatow\u0142adny Rzym, ale zniszczone ma\u0142\u017ce\u0144stwa greckie i rzymskie, kt\u00f3re odrzuci\u0142y dzieci, by \u017cy\u0107 dostatnio i wygodnie. Kultura grecka zacz\u0119\u0142a zanika\u0107 w\u00f3wczas, \u201e(\u2026) gdy Greczynki by\u0142y ju\u017c bez wstydu i bez\u2026 dzieci?\u201d. <\/p>\n\n\n\n<p>Tak zagin\u0105\u0142 wspania\u0142y \u015bwiat antyczny i imperium rzymskie. Ziemi\u0119 Rzymu przej\u0119\u0142y inne narody. Historia Rzymu nie jest wyj\u0105tkowa. W dziejach nie znajdziemy narodu, kt\u00f3ry maj\u0105c liczne potomstwo, zgin\u0105\u0142 z powodu biedy. Nie zna te\u017c narodu, kt\u00f3ry odrzucaj\u0105c prawo Bo\u017ce nadane ma\u0142\u017conkom i prawo do \u017cycia, trwa\u0142 by dalej w pot\u0119dze. <\/p>\n\n\n\n<p>Minione dzieje Grecji i Rzymu powtarzaj\u0105 si\u0119 na naszych oczach, znikni\u0119ciem z Ziemi nie s\u0105 zagro\u017cone ludy biedne lub nie maj\u0105ce miejsca w swej ojczy\u017anie, ale bogate i maj\u0105ce ziemi a\u017c nadto&#8221;.<\/p>\n\n\n\n<p><em>Zob. K. Bielawny, Ocali\u0107 niepodleg\u0142o\u015b\u0107, Warszawa 2023, s. 81.<\/em><\/p>\n\n\n\n<figure class=\"wp-block-image size-large is-style-default\"><img loading=\"lazy\" decoding=\"async\" width=\"1024\" height=\"768\" src=\"https:\/\/demografia.com.pl\/demografia\/wp-content\/uploads\/2023\/11\/Czlowiek-1024x768.jpg\" alt=\"\" class=\"wp-image-4396\" srcset=\"https:\/\/demografia.com.pl\/demografia\/wp-content\/uploads\/2023\/11\/Czlowiek-1024x768.jpg 1024w, https:\/\/demografia.com.pl\/demografia\/wp-content\/uploads\/2023\/11\/Czlowiek-300x225.jpg 300w, https:\/\/demografia.com.pl\/demografia\/wp-content\/uploads\/2023\/11\/Czlowiek-768x576.jpg 768w, https:\/\/demografia.com.pl\/demografia\/wp-content\/uploads\/2023\/11\/Czlowiek.jpg 1200w\" sizes=\"auto, (max-width: 767px) 89vw, (max-width: 1000px) 54vw, (max-width: 1071px) 543px, 580px\" \/><figcaption class=\"wp-element-caption\">Lewactwo stara si\u0119 wyludni\u0107 Polsk\u0119, m.in.  poprzez aborcj\u0119.<\/figcaption><\/figure>\n<p>Views: 58<\/p>","protected":false},"excerpt":{"rendered":"<p>Ob\u0142\u0105kani ideolodzy cywilizacji \u015bmierci wsz\u0119dzie  dopatruj\u0105 si\u0119 zmian klimatycznych.  Tak te\u017c pisza  o upadku staro\u017cytnych cywilizacji przez zmiany klimatyczne. Staraj\u0105 si\u0119 narzuci\u0107 swoj\u0105 ideologi\u0119 wsp\u00f3lczesnemu \u015bwiatu.  Narracja wszechogarniaj\u0105ca wsp\u00f3\u0142czesnego cz\u0142owieka, ma go prowadzi\u0107 na sznyrkach k\u0142amstwa.  By przypadkiem nie pr\u00f3bowa\u0142 szuka\u0107 prawdy. <\/p>\n","protected":false},"author":1,"featured_media":4391,"comment_status":"closed","ping_status":"closed","sticky":true,"template":"","format":"standard","meta":{"footnotes":""},"categories":[8],"tags":[4,14,7,16,17,18],"class_list":["post-4390","post","type-post","status-publish","format-standard","has-post-thumbnail","hentry","category-depopulacja","tag-aborcja","tag-depopulacja","tag-deprawacja","tag-rewolucja","tag-rozwody","tag-zwiazki-cywilne"],"_links":{"self":[{"href":"https:\/\/demografia.com.pl\/demografia\/wp-json\/wp\/v2\/posts\/4390","targetHints":{"allow":["GET"]}}],"collection":[{"href":"https:\/\/demografia.com.pl\/demografia\/wp-json\/wp\/v2\/posts"}],"about":[{"href":"https:\/\/demografia.com.pl\/demografia\/wp-json\/wp\/v2\/types\/post"}],"author":[{"embeddable":true,"href":"https:\/\/demografia.com.pl\/demografia\/wp-json\/wp\/v2\/users\/1"}],"replies":[{"embeddable":true,"href":"https:\/\/demografia.com.pl\/demografia\/wp-json\/wp\/v2\/comments?post=4390"}],"version-history":[{"count":5,"href":"https:\/\/demografia.com.pl\/demografia\/wp-json\/wp\/v2\/posts\/4390\/revisions"}],"predecessor-version":[{"id":4400,"href":"https:\/\/demografia.com.pl\/demografia\/wp-json\/wp\/v2\/posts\/4390\/revisions\/4400"}],"wp:featuredmedia":[{"embeddable":true,"href":"https:\/\/demografia.com.pl\/demografia\/wp-json\/wp\/v2\/media\/4391"}],"wp:attachment":[{"href":"https:\/\/demografia.com.pl\/demografia\/wp-json\/wp\/v2\/media?parent=4390"}],"wp:term":[{"taxonomy":"category","embeddable":true,"href":"https:\/\/demografia.com.pl\/demografia\/wp-json\/wp\/v2\/categories?post=4390"},{"taxonomy":"post_tag","embeddable":true,"href":"https:\/\/demografia.com.pl\/demografia\/wp-json\/wp\/v2\/tags?post=4390"}],"curies":[{"name":"wp","href":"https:\/\/api.w.org\/{rel}","templated":true}]}}