{"id":4910,"date":"2024-03-11T08:47:34","date_gmt":"2024-03-11T06:47:34","guid":{"rendered":"https:\/\/demografia.com.pl\/demografia\/?p=4910"},"modified":"2024-03-13T11:06:18","modified_gmt":"2024-03-13T09:06:18","slug":"swieta-warmia","status":"publish","type":"post","link":"https:\/\/demografia.com.pl\/demografia\/swieta-warmia\/","title":{"rendered":"\u015awi\u0119ta Warmia"},"content":{"rendered":"<p class=\"western\" align=\"justify\"><span style=\"font-family: Times New Roman, serif;\"><span style=\"font-size: large;\"><b>\u015awi\u0119ta Warmia <\/b><\/span><\/span><span style=\"font-family: Times New Roman, serif;\"><span style=\"font-size: large;\">\u2013 okre\u015blenie odnosi si\u0119 do historycznej krainy po\u0142o\u017conej w p\u00f3\u0142nocno-wschodniej cz\u0119\u015bci Polski. W przesz\u0142o\u015bci Warmi\u0119 tworzy\u0142y cztery powiaty: braniewski, lidzbarski, olszty\u0144ski i reszelski. W latach 1243-1772 historyczny obszar, stanowi\u0105cy oko\u0142o 1\/3 diecezji warmi\u0144skiej, pozostawa\u0142 nie tylko pod duchown\u0105, ale i \u015bwieck\u0105 w\u0142adz\u0105 biskupa. Na mocy pokoju toru\u0144skiego z 1466 r. Warmi\u0119 przy\u0142\u0105czono do Polski. Taka sytuacja trwa\u0142a do 1772 r. To zadecydowa\u0142o o przynale\u017cno\u015bci konfesyjnej Warmii.<\/span><\/span><\/p>\n<p class=\"western\" align=\"justify\"><span style=\"font-family: Times New Roman, serif;\"><span style=\"font-size: large;\"> Reformacja w XVI stuleciu pozbawi\u0142a Ko\u015bci\u00f3\u0142 rzymskokatolicki diecezji sambijskiej, pomeza\u0144skiej i 2\/3 diecezji warmi\u0144skiej. Warmia pozosta\u0142a nadal przy Ko\u015bciele rzymskokatolickim, wierna Stolicy Apostolskiej. Z czasem pojawi\u0142o si\u0119 okre\u015blenie \u015bwi\u0119ta Warmia, kt\u00f3re by\u0142o coraz cz\u0119\u015bciej u\u017cywane przez historyk\u00f3w i publicyst\u00f3w. Ziemia wierna Ko\u015bcio\u0142owi rzymskokatolickiemu, bowiem od chrystianizacji Warmia zawsze by\u0142a zamieszkana w ogromnym procencie przez wiernych Ko\u015bcio\u0142a rzymskokatolickiego, kt\u00f3rzy byli dumni ze swej krainy. <\/span><\/span><\/p>\n<p align=\"justify\"><em>Ks. K. Bielawny<\/em><\/p>\n<p>Views: 4277<\/p>","protected":false},"excerpt":{"rendered":"<p>Reformacja w XVI stuleciu pozbawi\u0142a Ko\u015bci\u00f3\u0142 rzymskokatolicki diecezji sambijskiej, pomeza\u0144skiej i 2\/3 diecezji warmi\u0144skiej. Warmia pozosta\u0142a nadal przy Ko\u015bciele rzymskokatolickim, wierna Stolicy Apostolskiej. Z czasem pojawi\u0142o si\u0119 okre\u015blenie \u015bwi\u0119ta Warmia, kt\u00f3re by\u0142o coraz cz\u0119\u015bciej u\u017cywane przez historyk\u00f3w i publicyst\u00f3w. Ziemia wierna Ko\u015bcio\u0142owi rzymskokatolickiemu, bowiem od chrystianizacji Warmia zawsze by\u0142a zamieszkana w ogromnym procencie przez wiernych Ko\u015bcio\u0142a rzymskokatolickiego, kt\u00f3rzy byli dumni ze swej krainy.<\/p>\n","protected":false},"author":1,"featured_media":4913,"comment_status":"closed","ping_status":"closed","sticky":true,"template":"","format":"standard","meta":{"footnotes":""},"categories":[111],"tags":[113,112],"class_list":["post-4910","post","type-post","status-publish","format-standard","has-post-thumbnail","hentry","category-warmia","tag-warmia-swieta-kraina","tag-warmia-swieta-kraina-historyczna"],"_links":{"self":[{"href":"https:\/\/demografia.com.pl\/demografia\/wp-json\/wp\/v2\/posts\/4910","targetHints":{"allow":["GET"]}}],"collection":[{"href":"https:\/\/demografia.com.pl\/demografia\/wp-json\/wp\/v2\/posts"}],"about":[{"href":"https:\/\/demografia.com.pl\/demografia\/wp-json\/wp\/v2\/types\/post"}],"author":[{"embeddable":true,"href":"https:\/\/demografia.com.pl\/demografia\/wp-json\/wp\/v2\/users\/1"}],"replies":[{"embeddable":true,"href":"https:\/\/demografia.com.pl\/demografia\/wp-json\/wp\/v2\/comments?post=4910"}],"version-history":[{"count":2,"href":"https:\/\/demografia.com.pl\/demografia\/wp-json\/wp\/v2\/posts\/4910\/revisions"}],"predecessor-version":[{"id":4915,"href":"https:\/\/demografia.com.pl\/demografia\/wp-json\/wp\/v2\/posts\/4910\/revisions\/4915"}],"wp:featuredmedia":[{"embeddable":true,"href":"https:\/\/demografia.com.pl\/demografia\/wp-json\/wp\/v2\/media\/4913"}],"wp:attachment":[{"href":"https:\/\/demografia.com.pl\/demografia\/wp-json\/wp\/v2\/media?parent=4910"}],"wp:term":[{"taxonomy":"category","embeddable":true,"href":"https:\/\/demografia.com.pl\/demografia\/wp-json\/wp\/v2\/categories?post=4910"},{"taxonomy":"post_tag","embeddable":true,"href":"https:\/\/demografia.com.pl\/demografia\/wp-json\/wp\/v2\/tags?post=4910"}],"curies":[{"name":"wp","href":"https:\/\/api.w.org\/{rel}","templated":true}]}}